{"id":4455,"date":"2018-06-27T06:14:03","date_gmt":"2018-06-27T06:14:03","guid":{"rendered":"https:\/\/www.antit.eu\/WEBANT\/?p=4455"},"modified":"2018-06-27T06:14:03","modified_gmt":"2018-06-27T06:14:03","slug":"novedades-del-manual-de-reformas-de-vehiculos-revision-4a-y-del-manual-de-procedimiento-de-inspeccion-de-estaciones-itv-versiones-7-3-0-y-7-3-1","status":"publish","type":"post","link":"https:\/\/www.antit.eu\/WEBANT\/en\/novedades-del-manual-de-reformas-de-vehiculos-revision-4a-y-del-manual-de-procedimiento-de-inspeccion-de-estaciones-itv-versiones-7-3-0-y-7-3-1\/","title":{"rendered":"Novedades del manual de reformas de veh\u00edculos (Revisi\u00f3n 4\u00aa) y del manual de procedimiento de inspecci\u00f3n de estaciones ITV (Versiones 7.3.0 y 7.3.1)"},"content":{"rendered":"<p>Los pasados 21 y 22 de junio celebramos en Valencia las Jornadas formativas sobre el Manual de Reformas de Veh\u00edculos (Rev. 4\u00aa) y del Manual de Procedimiento de Inspecciones de Estaciones ITV (Vers. 7.3.0 y 7.3.1)<span style=\"color: #333333; font-family: 'Georgia','serif';\">.<\/span><\/p>\n<p>Tuvimos el placer de contar con la presencia de D\u00f1a. Gema Cu\u00f1at Cu\u00f1at\u00a0 de la Consejer\u00eda de Econom\u00eda Sostenible, Sectores Productivos y Comercio &#8211; Servicio de Calidad y Control Industrial, Veh\u00edculos y Metrolog\u00eda.<\/p>\n<p>As\u00ed como con D. Fernando Nadal Pons Font del Instituto Valenciano de Competitividad Empresarial a los cuales les agradecemos su asistencia.<\/p>\n<p>A las jornadas asistieron\u00a0personal de estaciones\u00a0ITV.<\/p>\n<p>Nuestro m\u00e1s sincero agradecimiento a los asistentes por su esfuerzo y profesionalidad.<\/p>\n<p>&nbsp;<\/p>\n<p><a href=\"http:\/\/www.antit.eu\/WEBANT\/wp-content\/uploads\/2018\/06\/IMG_2886.jpg\"><img loading=\"lazy\" decoding=\"async\" class=\"alignnone size-medium wp-image-4459\" src=\"http:\/\/www.antit.eu\/WEBANT\/wp-content\/uploads\/2018\/06\/IMG_2886-300x225.jpg\" alt=\"IMG_2886\" width=\"300\" height=\"225\" srcset=\"https:\/\/www.antit.eu\/WEBANT\/wp-content\/uploads\/2018\/06\/IMG_2886-300x225.jpg 300w, https:\/\/www.antit.eu\/WEBANT\/wp-content\/uploads\/2018\/06\/IMG_2886-1024x768.jpg 1024w\" sizes=\"auto, (max-width: 300px) 100vw, 300px\" \/><\/a>\u00a0 \u00a0 \u00a0 \u00a0 \u00a0 \u00a0 \u00a0 \u00a0 \u00a0 \u00a0 \u00a0 \u00a0 \u00a0 \u00a0 \u00a0 \u00a0 \u00a0 \u00a0 \u00a0<a href=\"http:\/\/www.antit.eu\/WEBANT\/wp-content\/uploads\/2018\/06\/IMG_5316.jpg\"><img loading=\"lazy\" decoding=\"async\" class=\"alignnone size-medium wp-image-4460\" src=\"http:\/\/www.antit.eu\/WEBANT\/wp-content\/uploads\/2018\/06\/IMG_5316-300x225.jpg\" alt=\"IMG_5316\" width=\"300\" height=\"225\" srcset=\"https:\/\/www.antit.eu\/WEBANT\/wp-content\/uploads\/2018\/06\/IMG_5316-300x225.jpg 300w, https:\/\/www.antit.eu\/WEBANT\/wp-content\/uploads\/2018\/06\/IMG_5316-1024x768.jpg 1024w\" sizes=\"auto, (max-width: 300px) 100vw, 300px\" \/><\/a><\/p>\n<p>&nbsp;<\/p>\n","protected":false},"excerpt":{"rendered":"<p>Los pasados 21 y 22 de junio celebramos en Valencia las Jornadas formativas sobre el Manual de Reformas de Veh\u00edculos (Rev. 4\u00aa) y del Manual de Procedimiento de Inspecciones de Estaciones ITV (Vers. 7.3.0 y 7.3.1). Tuvimos el placer de contar con la presencia de D\u00f1a. Gema Cu\u00f1at Cu\u00f1at\u00a0 de la Consejer\u00eda de Econom\u00eda Sostenible, [&hellip;]<\/p>\n","protected":false},"author":1,"featured_media":0,"comment_status":"open","ping_status":"open","sticky":false,"template":"","format":"standard","meta":{"footnotes":""},"categories":[2],"tags":[],"class_list":["post-4455","post","type-post","status-publish","format-standard","hentry","category-noticias"],"_links":{"self":[{"href":"https:\/\/www.antit.eu\/WEBANT\/en\/wp-json\/wp\/v2\/posts\/4455","targetHints":{"allow":["GET"]}}],"collection":[{"href":"https:\/\/www.antit.eu\/WEBANT\/en\/wp-json\/wp\/v2\/posts"}],"about":[{"href":"https:\/\/www.antit.eu\/WEBANT\/en\/wp-json\/wp\/v2\/types\/post"}],"author":[{"embeddable":true,"href":"https:\/\/www.antit.eu\/WEBANT\/en\/wp-json\/wp\/v2\/users\/1"}],"replies":[{"embeddable":true,"href":"https:\/\/www.antit.eu\/WEBANT\/en\/wp-json\/wp\/v2\/comments?post=4455"}],"version-history":[{"count":6,"href":"https:\/\/www.antit.eu\/WEBANT\/en\/wp-json\/wp\/v2\/posts\/4455\/revisions"}],"predecessor-version":[{"id":4463,"href":"https:\/\/www.antit.eu\/WEBANT\/en\/wp-json\/wp\/v2\/posts\/4455\/revisions\/4463"}],"wp:attachment":[{"href":"https:\/\/www.antit.eu\/WEBANT\/en\/wp-json\/wp\/v2\/media?parent=4455"}],"wp:term":[{"taxonomy":"category","embeddable":true,"href":"https:\/\/www.antit.eu\/WEBANT\/en\/wp-json\/wp\/v2\/categories?post=4455"},{"taxonomy":"post_tag","embeddable":true,"href":"https:\/\/www.antit.eu\/WEBANT\/en\/wp-json\/wp\/v2\/tags?post=4455"}],"curies":[{"name":"wp","href":"https:\/\/api.w.org\/{rel}","templated":true}]}}