{"id":12537,"date":"2026-09-02T09:56:52","date_gmt":"2026-09-02T07:56:52","guid":{"rendered":"https:\/\/www.antit.eu\/WEBANT\/?p=12537"},"modified":"2026-09-02T10:20:09","modified_gmt":"2026-09-02T08:20:09","slug":"matriculaciones-julio","status":"publish","type":"post","link":"https:\/\/www.antit.eu\/WEBANT\/es\/matriculaciones-julio\/","title":{"rendered":"Matriculaciones Julio 2026"},"content":{"rendered":"<p><\/p>\n<p>\ud835\udc0c\ud835\udc00\ud835\udc13\ud835\udc11\ud835\udc08\ud835\udc02\ud835\udc14\ud835\udc0b\ud835\udc00\ud835\udc02\ud835\udc08\ud835\udc0e\ud835\udc0d\ud835\udc04\ud835\udc12 \ud835\udc03\ud835\udc04 \ud835\udc09\ud835\udc14\ud835\udc0b\ud835\udc08\ud835\udc0e \ud835\udfd0\ud835\udfce\ud835\udfd0\ud835\udfd4: \ud835\udc03\ud835\udc1a\ud835\udc2d\ud835\udc28\ud835\udc2c \ud835\udc1d\ud835\udc1e\ud835\udc1f\ud835\udc22\ud835\udc27\ud835\udc22\ud835\udc2d\ud835\udc22\ud835\udc2f\ud835\udc28\ud835\udc2c \ud835\udc32 \ud835\udc1a\ud835\udc23\ud835\udc2e\ud835\udc2c\ud835\udc2d\ud835\udc1a\ud835\udc1d\ud835\udc28\ud835\udc2c <\/p>\n<p>\ud83d\udd0d Con los \u00faltimos datos procesados y gracias a la depuraci\u00f3n diaria de nuestro ecosistema \ud835\udc12\ud835\udc00\ud835\udc0c(\u00a9) sobre el fichero \ud835\udc0c\ud835\udc00\ud835\udc13\ud835\udc11\ud835\udc00\ud835\udc01\ud835\udc00 de la DGT, os traemos la radiograf\u00eda final y exacta del mercado de automoci\u00f3n de este mes de Julio \ud83c\udfaf<br \/>\nCerramos el mes de julio con un crecimiento generalizado en todos los segmentos del mercado frente al mismo periodo del a\u00f1o anterior. <br \/>\n\ud835\udc0b\ud835\udc28\ud835\udc2c \ud835\udc2f\ud835\udc1e\ud835\udc21\u00ed\ud835\udc1c\ud835\udc2e\ud835\udc25\ud835\udc28\ud835\udc2c \ud835\udc22\ud835\udc27\ud835\udc1d\ud835\udc2e\ud835\udc2c\ud835\udc2d\ud835\udc2b\ud835\udc22\ud835\udc1a\ud835\udc25\ud835\udc1e\ud835\udc2c \ud835\udc32 \ud835\udc25\ud835\udc1a \ud835\udc26\ud835\udc28\ud835\udc2f\ud835\udc22\ud835\udc25\ud835\udc22\ud835\udc1d\ud835\udc1a\ud835\udc1d \ud835\udc1d\ud835\udc1e \ud835\udc1d\ud835\udc28\ud835\udc2c \ud835\udc2b\ud835\udc2e\ud835\udc1e\ud835\udc1d\ud835\udc1a\ud835\udc2c \ud835\udc2c\ud835\udc1e \ud835\udc1c\ud835\udc28\ud835\udc27\ud835\udc2c\ud835\udc28\ud835\udc25\ud835\udc22\ud835\udc1d\ud835\udc1a\ud835\udc27 \ud835\udc1c\ud835\udc28\ud835\udc26\ud835\udc28 \ud835\udc25\ud835\udc28\ud835\udc2c \ud835\udc20\ud835\udc2b\ud835\udc1a\ud835\udc27\ud835\udc1d\ud835\udc1e\ud835\udc2c \ud835\udc26\ud835\udc28\ud835\udc2d\ud835\udc28\ud835\udc2b\ud835\udc1e\ud835\udc2c \ud835\udc1d\ud835\udc1e\ud835\udc25 \ud835\udc26\ud835\udc1e\ud835\udc2c, registrando un importante impulso del +23,7% en camiones y un s\u00f3lido +9,3% en motos, mientras que el mercado de turismos mantiene su tendencia positiva subiendo un +3,7%.<\/p>\n<p>\ud835\udc00\ud835\udc2a\ud835\udc2e\u00ed \ud835\udc2d\ud835\udc22\ud835\udc1e\ud835\udc27\ud835\udc1e\ud835\udc2c \ud835\udc25\ud835\udc1a\ud835\udc2c \ud835\udc1c\ud835\udc22\ud835\udc1f\ud835\udc2b\ud835\udc1a\ud835\udc2c \ud835\udc1d\ud835\udc1e\ud835\udc25 \ud835\udc1c\ud835\udc22\ud835\udc1e\ud835\udc2b\ud835\udc2b\ud835\udc1e \ud835\udc1a\ud835\udc25 \ud835\udc1d\ud835\udc1e\ud835\udc2d\ud835\udc1a\ud835\udc25\ud835\udc25\ud835\udc1e:<\/p>\n<p>\ud83d\ude97 \ud835\udc13\ud835\udc2e\ud835\udc2b\ud835\udc22\ud835\udc2c\ud835\udc26\ud835\udc28\ud835\udc2c | +\ud835\udfd1,\ud835\udfd5 % Cerramos en \ud835\udfcf\ud835\udfce\ud835\udfcf.\ud835\udfd5\ud835\udfcf\ud835\udfce \ud835\udc2e\ud835\udc27\ud835\udc22\ud835\udc1d\ud835\udc1a\ud835\udc1d\ud835\udc1e\ud835\udc2c, manteniendo un ritmo constante de crecimiento.<br \/>\n\ud83c\udfc6 \ud835\udc0b\u00ed\ud835\udc1d\ud835\udc1e\ud835\udc2b: <a class=\"elsvuUlShRnvgFtkFDQKAQBWhaRDPQFeY \" tabindex=\"0\" href=\"https:\/\/www.linkedin.com\/search\/results\/all\/?keywords=%23toyota&amp;origin=HASH_TAG_FROM_FEED\" data-test-app-aware-link=\"\"><span aria-hidden=\"true\">#<\/span>Toyota<\/a> se mantiene a la cabeza con un \ud835\udfd7,\ud835\udfce % de cuota de mercado, El modelo m\u00e1s vendido del mes ha sido <a class=\"elsvuUlShRnvgFtkFDQKAQBWhaRDPQFeY \" tabindex=\"0\" href=\"https:\/\/www.linkedin.com\/search\/results\/all\/?keywords=%23daciasandero&amp;origin=HASH_TAG_FROM_FEED\" data-test-app-aware-link=\"\"><span aria-hidden=\"true\">#<\/span>DaciaSandero<\/a> con \ud835\udfd1.\ud835\udfcf\ud835\udfd7\ud835\udfd0 \ud835\udc2e\ud835\udc27\ud835\udc22\ud835\udc1d\ud835\udc1a\ud835\udc1d\ud835\udc1e\ud835\udc2c (\ud835\udfd1,\ud835\udfcf % de cuota).<\/p>\n<p>\ud83d\udef5 \ud835\udc0c\ud835\udc28\ud835\udc2d\ud835\udc28\ud835\udc2c | +\ud835\udfd7,\ud835\udfd1 % Mantiene un excelente comportamiento din\u00e1mico, alcanzando las \ud835\udfd1\ud835\udfd1.\ud835\udfd4\ud835\udfd4\ud835\udfd3 \ud835\udc2e\ud835\udc27\ud835\udc22\ud835\udc1d\ud835\udc1a\ud835\udc1d\ud835\udc1e\ud835\udc2c. <br \/>\n\ud83c\udfc6 \ud835\udc0b\u00ed\ud835\udc1d\ud835\udc1e\ud835\udc2b: <a class=\"elsvuUlShRnvgFtkFDQKAQBWhaRDPQFeY \" tabindex=\"0\" href=\"https:\/\/www.linkedin.com\/search\/results\/all\/?keywords=%23honda&amp;origin=HASH_TAG_FROM_FEED\" data-test-app-aware-link=\"\"><span aria-hidden=\"true\">#<\/span>Honda<\/a> consolida su liderazgo con una cuota del \ud835\udfcf\ud835\udfd3,\ud835\udfd5 %. <a class=\"elsvuUlShRnvgFtkFDQKAQBWhaRDPQFeY \" tabindex=\"0\" href=\"https:\/\/www.linkedin.com\/search\/results\/all\/?keywords=%23zontes125x&amp;origin=HASH_TAG_FROM_FEED\" data-test-app-aware-link=\"\"><span aria-hidden=\"true\">#<\/span>Zontes125X<\/a> se sit\u00faa como el modelo m\u00e1s vendido con \ud835\udfd0.\ud835\udfce\ud835\udfd1\ud835\udfd3 \ud835\udc2e\ud835\udc27\ud835\udc22\ud835\udc1d\ud835\udc1a\ud835\udc1d\ud835\udc1e\ud835\udc2c (\ud835\udfd4,\ud835\udfce % de cuota).<\/p>\n<p>\ud83d\ude90 \ud835\udc15\ud835\udc1e\ud835\udc21\u00ed\ud835\udc1c\ud835\udc2e\ud835\udc25\ud835\udc28\ud835\udc2c \ud835\udc1c\ud835\udc28\ud835\udc26\ud835\udc1e\ud835\udc2b\ud835\udc1c\ud835\udc22\ud835\udc1a\ud835\udc25\ud835\udc1e\ud835\udc2c \ud835\udc25\ud835\udc22\ud835\udc20\ud835\udc1e\ud835\udc2b\ud835\udc28\ud835\udc2c | +\ud835\udfd0,\ud835\udfd6 % Crecimiento firme para las flotas ligeras y de \u00faltima milla, registrando \ud835\udfcf\ud835\udfd6.\ud835\udfd1\ud835\udfce\ud835\udfcf \ud835\udc2e\ud835\udc27\ud835\udc22\ud835\udc1d\ud835\udc1a\ud835\udc1d\ud835\udc1e\ud835\udc2c. <br \/>\n\ud83c\udfc6 \ud835\udc0b\u00ed\ud835\udc1d\ud835\udc1e\ud835\udc2b: <a class=\"elsvuUlShRnvgFtkFDQKAQBWhaRDPQFeY \" tabindex=\"0\" href=\"https:\/\/www.linkedin.com\/search\/results\/all\/?keywords=%23ford&amp;origin=HASH_TAG_FROM_FEED\" data-test-app-aware-link=\"\"><span aria-hidden=\"true\">#<\/span>Ford<\/a> encabeza el podio este mes (\ud835\udfcf\ud835\udfd3,\ud835\udfd7 %). <\/p>\n<p>\ud83d\ude9b \ud835\udc15\ud835\udc1e\ud835\udc21\u00ed\ud835\udc1c\ud835\udc2e\ud835\udc25\ud835\udc28\ud835\udc2c \ud835\udc08\ud835\udc27\ud835\udc1d\ud835\udc2e\ud835\udc2c\ud835\udc2d\ud835\udc2b\ud835\udc22\ud835\udc1a\ud835\udc25\ud835\udc1e\ud835\udc2c | +\ud835\udfd0\ud835\udfd1,\ud835\udfd5 % Fuerte aceleraci\u00f3n y gran empuje en el sector del transporte pesado, sumando \ud835\udfd1.\ud835\udfcf\ud835\udfd3\ud835\udfd0 \ud835\udc2e\ud835\udc27\ud835\udc22\ud835\udc1d\ud835\udc1a\ud835\udc1d\ud835\udc1e\ud835\udc2c. <br \/>\n\ud83c\udfc6 \ud835\udc0b\u00ed\ud835\udc1d\ud835\udc1e\ud835\udc2b:<a class=\"elsvuUlShRnvgFtkFDQKAQBWhaRDPQFeY \" tabindex=\"0\" href=\"https:\/\/www.linkedin.com\/search\/results\/all\/?keywords=%23volvo&amp;origin=HASH_TAG_FROM_FEED\" data-test-app-aware-link=\"\"><span aria-hidden=\"true\">#<\/span>Volvo<\/a> lidera holgadamente la categor\u00eda con un \ud835\udfd0\ud835\udfcf,\ud835\udfd2 % de cuota.<\/p>\n<p>\ud83d\udc49 \ud835\udc03\ud835\udc1e\ud835\udc2c\ud835\udc25\ud835\udc22\ud835\udc33\ud835\udc1a \ud835\udc1e\ud835\udc27 \ud835\udc25\ud835\udc1a\ud835\udc2c \ud835\udc22\ud835\udc26\u00e1\ud835\udc20\ud835\udc1e\ud835\udc27\ud835\udc1e\ud835\udc2c para descubrir en detalle el TOP de marcas y modelos que lideran cada categor\u00eda comercial este mes.<\/p>\n<p>\ud83d\udca1 En Grupo ANT sabemos que tomar decisiones basadas en datos inexactos no es una opci\u00f3n competitiva. Si quieres que tu empresa cuente con un an\u00e1lisis estrat\u00e9gico y automatizado (VN, VO y parque de veh\u00edculos) <\/p>\n<p>\ud83d\udce9 Escr\u00edbenos a \ud835\udc1a\ud835\udc27\ud835\udc2d@\ud835\udc1a\ud835\udc27\ud835\udc2d\ud835\udc22\ud835\udc2d.\ud835\udc1e\ud835\udc2e para integrar SAM(\u00a9) en tu ecosistema empresarial. <\/p>\n<p><a class=\"elsvuUlShRnvgFtkFDQKAQBWhaRDPQFeY \" tabindex=\"0\" href=\"https:\/\/www.linkedin.com\/search\/results\/all\/?keywords=%23automocion&amp;origin=HASH_TAG_FROM_FEED\" data-test-app-aware-link=\"\"><span aria-hidden=\"true\">#<\/span>Automocion<\/a> <br \/>\n<a class=\"elsvuUlShRnvgFtkFDQKAQBWhaRDPQFeY \" tabindex=\"0\" href=\"https:\/\/www.linkedin.com\/search\/results\/all\/?keywords=%23matriculaciones&amp;origin=HASH_TAG_FROM_FEED\" data-test-app-aware-link=\"\"><span aria-hidden=\"true\">#<\/span>Matriculaciones<\/a><br \/>\n<a class=\"elsvuUlShRnvgFtkFDQKAQBWhaRDPQFeY \" tabindex=\"0\" href=\"https:\/\/www.linkedin.com\/search\/results\/all\/?keywords=%23dataanalytics&amp;origin=HASH_TAG_FROM_FEED\" data-test-app-aware-link=\"\"><span aria-hidden=\"true\">#<\/span>DataAnalytics<\/a> <br \/>\n<a class=\"elsvuUlShRnvgFtkFDQKAQBWhaRDPQFeY \" tabindex=\"0\" href=\"https:\/\/www.linkedin.com\/search\/results\/all\/?keywords=%23dgt&amp;origin=HASH_TAG_FROM_FEED\" data-test-app-aware-link=\"\"><span aria-hidden=\"true\">#<\/span>DGT<\/a> <br \/>\n<a class=\"elsvuUlShRnvgFtkFDQKAQBWhaRDPQFeY \" tabindex=\"0\" href=\"https:\/\/www.linkedin.com\/search\/results\/all\/?keywords=%23vehiculosnuevos&amp;origin=HASH_TAG_FROM_FEED\" data-test-app-aware-link=\"\"><span aria-hidden=\"true\">#<\/span>VehiculosNuevos<\/a> <br \/>\n<a class=\"elsvuUlShRnvgFtkFDQKAQBWhaRDPQFeY \" tabindex=\"0\" href=\"https:\/\/www.linkedin.com\/search\/results\/all\/?keywords=%23sam&amp;origin=HASH_TAG_FROM_FEED\" data-test-app-aware-link=\"\"><span aria-hidden=\"true\">#<\/span>SAM<\/a> <br \/>\n<a class=\"elsvuUlShRnvgFtkFDQKAQBWhaRDPQFeY \" tabindex=\"0\" href=\"https:\/\/www.linkedin.com\/search\/results\/all\/?keywords=%23grupoant&amp;origin=HASH_TAG_FROM_FEED\" data-test-app-aware-link=\"\"><span aria-hidden=\"true\">#<\/span>GrupoANT<\/a><\/p>\n<p><\/p>","protected":false},"excerpt":{"rendered":"<p>\ud835\udc0c\ud835\udc00\ud835\udc13\ud835\udc11\ud835\udc08\ud835\udc02\ud835\udc14\ud835\udc0b\ud835\udc00\ud835\udc02\ud835\udc08\ud835\udc0e\ud835\udc0d\ud835\udc04\ud835\udc12 \ud835\udc03\ud835\udc04 \ud835\udc09\ud835\udc14\ud835\udc0b\ud835\udc08\ud835\udc0e \ud835\udfd0\ud835\udfce\ud835\udfd0\ud835\udfd4: \ud835\udc03\ud835\udc1a\ud835\udc2d\ud835\udc28\ud835\udc2c \ud835\udc1d\ud835\udc1e\ud835\udc1f\ud835\udc22\ud835\udc27\ud835\udc22\ud835\udc2d\ud835\udc22\ud835\udc2f\ud835\udc28\ud835\udc2c \ud835\udc32 \ud835\udc1a\ud835\udc23\ud835\udc2e\ud835\udc2c\ud835\udc2d\ud835\udc1a\ud835\udc1d\ud835\udc28\ud835\udc2c \ud83d\udd0d Con los \u00faltimos datos procesados y gracias a la depuraci\u00f3n diaria de nuestro ecosistema \ud835\udc12\ud835\udc00\ud835\udc0c(\u00a9) sobre el fichero \ud835\udc0c\ud835\udc00\ud835\udc13\ud835\udc11\ud835\udc00\ud835\udc01\ud835\udc00 de la DGT, os traemos la radiograf\u00eda final y exacta del mercado de automoci\u00f3n de este mes de Julio \ud83c\udfaf Cerramos el mes de julio con un [&hellip;]<\/p>\n","protected":false},"author":1,"featured_media":12538,"comment_status":"open","ping_status":"open","sticky":false,"template":"","format":"standard","meta":{"footnotes":""},"categories":[45],"tags":[],"class_list":["post-12537","post","type-post","status-publish","format-standard","has-post-thumbnail","hentry","category-blog"],"_links":{"self":[{"href":"https:\/\/www.antit.eu\/WEBANT\/es\/wp-json\/wp\/v2\/posts\/12537","targetHints":{"allow":["GET"]}}],"collection":[{"href":"https:\/\/www.antit.eu\/WEBANT\/es\/wp-json\/wp\/v2\/posts"}],"about":[{"href":"https:\/\/www.antit.eu\/WEBANT\/es\/wp-json\/wp\/v2\/types\/post"}],"author":[{"embeddable":true,"href":"https:\/\/www.antit.eu\/WEBANT\/es\/wp-json\/wp\/v2\/users\/1"}],"replies":[{"embeddable":true,"href":"https:\/\/www.antit.eu\/WEBANT\/es\/wp-json\/wp\/v2\/comments?post=12537"}],"version-history":[{"count":3,"href":"https:\/\/www.antit.eu\/WEBANT\/es\/wp-json\/wp\/v2\/posts\/12537\/revisions"}],"predecessor-version":[{"id":12554,"href":"https:\/\/www.antit.eu\/WEBANT\/es\/wp-json\/wp\/v2\/posts\/12537\/revisions\/12554"}],"wp:featuredmedia":[{"embeddable":true,"href":"https:\/\/www.antit.eu\/WEBANT\/es\/wp-json\/wp\/v2\/media\/12538"}],"wp:attachment":[{"href":"https:\/\/www.antit.eu\/WEBANT\/es\/wp-json\/wp\/v2\/media?parent=12537"}],"wp:term":[{"taxonomy":"category","embeddable":true,"href":"https:\/\/www.antit.eu\/WEBANT\/es\/wp-json\/wp\/v2\/categories?post=12537"},{"taxonomy":"post_tag","embeddable":true,"href":"https:\/\/www.antit.eu\/WEBANT\/es\/wp-json\/wp\/v2\/tags?post=12537"}],"curies":[{"name":"wp","href":"https:\/\/api.w.org\/{rel}","templated":true}]}}