{"id":4500,"date":"2018-10-03T08:08:04","date_gmt":"2018-10-03T08:08:04","guid":{"rendered":"https:\/\/www.antit.eu\/WEBANT\/?p=4500"},"modified":"2018-10-03T08:08:04","modified_gmt":"2018-10-03T08:08:04","slug":"novedades-del-manual-de-reformas-de-vehiculos-revision-4a-y-del-manual-de-procedimiento-de-inspeccion-de-estaciones-itv-version-7-3-2","status":"publish","type":"post","link":"https:\/\/www.antit.eu\/WEBANT\/es\/novedades-del-manual-de-reformas-de-vehiculos-revision-4a-y-del-manual-de-procedimiento-de-inspeccion-de-estaciones-itv-version-7-3-2\/","title":{"rendered":"Novedades del manual de reformas de veh\u00edculos (Revisi\u00f3n 4\u00aa) y del manual de procedimiento de inspecci\u00f3n de estaciones ITV (Versi\u00f3n 7.3.2)"},"content":{"rendered":"<p style=\"text-align: justify;\">El pasado 25 de septiembre, celebramos en Madrid un curso sobre las novedades que introduce la cuarta revisi\u00f3n del Manual de Reformas y la versi\u00f3n 7.3.2 del Manual de Procedimiento de Inspecci\u00f3n de Estaciones ITV, en un encuentro que viene siendo habitual, con car\u00e1cter anual, en los \u00faltimos a\u00f1os.<\/p>\n<p style=\"text-align: justify;\">Para la apertura del acto contamos con D. Pedro Antonio Garc\u00eda Fern\u00e1ndez, Jefe de \u00c1rea de Inspecci\u00f3n y Control Industrial de la Direcci\u00f3n General de Industria, Energ\u00eda y Minas de la Comunidad de Madrid y nuestro Director General D. Francisco D\u00edaz Galindo\u00a0a quienes agradecemos enormemente haber podido contar con su presencia, a pesar de sus apretadas agendas, ofreci\u00e9ndonos una admirable introducci\u00f3n al curso.<\/p>\n<p style=\"text-align: justify;\">M\u00e1s de cuarenta asistentes nos acompa\u00f1aron a lo largo de la jornada e hicieron posible, aportando su experiencia y conocimiento sobre el d\u00eda a d\u00eda de una estaci\u00f3n ITV, que \u00e9sta fuera un \u00e9xito.<\/p>\n<p>Nuestro m\u00e1s sincero agradecimiento a todos y cada uno de ellos.<\/p>\n<p>\u00a0<em>Ver\u00a0<a href=\"http:\/\/www.antit.eu\/WEBANT\/wp-content\/uploads\/2018\/10\/Programa-para-noticia.pdf\">Programa<\/a><\/em><\/p>\n<p>&nbsp;<\/p>\n<p>\u00a0<a href=\"http:\/\/www.antit.eu\/WEBANT\/wp-content\/uploads\/2018\/10\/IMG_3629.jpg\"><img loading=\"lazy\" decoding=\"async\" class=\"alignnone size-medium wp-image-4511\" src=\"http:\/\/www.antit.eu\/WEBANT\/wp-content\/uploads\/2018\/10\/IMG_3629-300x225.jpg\" alt=\"IMG_3629\" width=\"300\" height=\"225\" srcset=\"https:\/\/www.antit.eu\/WEBANT\/wp-content\/uploads\/2018\/10\/IMG_3629-300x225.jpg 300w, https:\/\/www.antit.eu\/WEBANT\/wp-content\/uploads\/2018\/10\/IMG_3629-1024x768.jpg 1024w\" sizes=\"auto, (max-width: 300px) 100vw, 300px\" \/><\/a> <a href=\"http:\/\/www.antit.eu\/WEBANT\/wp-content\/uploads\/2018\/10\/IMG_3620.jpg\"><img loading=\"lazy\" decoding=\"async\" class=\"alignnone size-medium wp-image-4510\" src=\"http:\/\/www.antit.eu\/WEBANT\/wp-content\/uploads\/2018\/10\/IMG_3620-300x225.jpg\" alt=\"IMG_3620\" width=\"300\" height=\"225\" srcset=\"https:\/\/www.antit.eu\/WEBANT\/wp-content\/uploads\/2018\/10\/IMG_3620-300x225.jpg 300w, https:\/\/www.antit.eu\/WEBANT\/wp-content\/uploads\/2018\/10\/IMG_3620-1024x768.jpg 1024w\" sizes=\"auto, (max-width: 300px) 100vw, 300px\" \/><\/a> <a href=\"http:\/\/www.antit.eu\/WEBANT\/wp-content\/uploads\/2018\/10\/IMG_3637.jpg\"><img loading=\"lazy\" decoding=\"async\" class=\"alignnone size-medium wp-image-4512\" src=\"http:\/\/www.antit.eu\/WEBANT\/wp-content\/uploads\/2018\/10\/IMG_3637-300x225.jpg\" alt=\"IMG_3637\" width=\"300\" height=\"225\" srcset=\"https:\/\/www.antit.eu\/WEBANT\/wp-content\/uploads\/2018\/10\/IMG_3637-300x225.jpg 300w, https:\/\/www.antit.eu\/WEBANT\/wp-content\/uploads\/2018\/10\/IMG_3637-1024x768.jpg 1024w\" sizes=\"auto, (max-width: 300px) 100vw, 300px\" \/><\/a><\/p>\n<p>&nbsp;<\/p>\n<p>&nbsp;<\/p>\n","protected":false},"excerpt":{"rendered":"<p>El pasado 25 de septiembre, celebramos en Madrid un curso sobre las novedades que introduce la cuarta revisi\u00f3n del Manual de Reformas y la versi\u00f3n 7.3.2 del Manual de Procedimiento de Inspecci\u00f3n de Estaciones ITV, en un encuentro que viene siendo habitual, con car\u00e1cter anual, en los \u00faltimos a\u00f1os. Para la apertura del acto contamos [&hellip;]<\/p>\n","protected":false},"author":1,"featured_media":0,"comment_status":"open","ping_status":"open","sticky":false,"template":"","format":"standard","meta":{"footnotes":""},"categories":[2],"tags":[],"class_list":["post-4500","post","type-post","status-publish","format-standard","hentry","category-noticias"],"_links":{"self":[{"href":"https:\/\/www.antit.eu\/WEBANT\/es\/wp-json\/wp\/v2\/posts\/4500","targetHints":{"allow":["GET"]}}],"collection":[{"href":"https:\/\/www.antit.eu\/WEBANT\/es\/wp-json\/wp\/v2\/posts"}],"about":[{"href":"https:\/\/www.antit.eu\/WEBANT\/es\/wp-json\/wp\/v2\/types\/post"}],"author":[{"embeddable":true,"href":"https:\/\/www.antit.eu\/WEBANT\/es\/wp-json\/wp\/v2\/users\/1"}],"replies":[{"embeddable":true,"href":"https:\/\/www.antit.eu\/WEBANT\/es\/wp-json\/wp\/v2\/comments?post=4500"}],"version-history":[{"count":8,"href":"https:\/\/www.antit.eu\/WEBANT\/es\/wp-json\/wp\/v2\/posts\/4500\/revisions"}],"predecessor-version":[{"id":4516,"href":"https:\/\/www.antit.eu\/WEBANT\/es\/wp-json\/wp\/v2\/posts\/4500\/revisions\/4516"}],"wp:attachment":[{"href":"https:\/\/www.antit.eu\/WEBANT\/es\/wp-json\/wp\/v2\/media?parent=4500"}],"wp:term":[{"taxonomy":"category","embeddable":true,"href":"https:\/\/www.antit.eu\/WEBANT\/es\/wp-json\/wp\/v2\/categories?post=4500"},{"taxonomy":"post_tag","embeddable":true,"href":"https:\/\/www.antit.eu\/WEBANT\/es\/wp-json\/wp\/v2\/tags?post=4500"}],"curies":[{"name":"wp","href":"https:\/\/api.w.org\/{rel}","templated":true}]}}