{"id":5646,"date":"2022-06-10T05:21:57","date_gmt":"2022-06-10T05:21:57","guid":{"rendered":"https:\/\/pruebas.antit.eu\/WEBANT\/?p=5646"},"modified":"2022-07-04T12:49:13","modified_gmt":"2022-07-04T12:49:13","slug":"en-el-grupo-ant-seguimos-apoyando-el-deporte-de-base","status":"publish","type":"post","link":"https:\/\/www.antit.eu\/WEBANT\/es\/en-el-grupo-ant-seguimos-apoyando-el-deporte-de-base\/","title":{"rendered":"En el Grupo ANT seguimos apoyando el deporte de base"},"content":{"rendered":"<p><\/p>\n<h4><span style=\"color: #2e75b6;\">El pasado 31 de mayo nuestro CEO D. Francisco D\u00edaz Alonso, y D. Alejandro Covarrubias, presidente del C.D.E. Covarrubias MotorSport rubricaron el acuerdo de patrocinio entre ambas entidades<\/span><\/h4>\n<p>&nbsp;<\/p>\n<h4>Con el claro objetivo de fomentar el motociclismo de base en nuestro pa\u00eds y en particular el apoyo a Adri\u00e1n Covarrubias, joven promesa que en esta temporada competir\u00e1 en el Campeonato Interauton\u00f3mico de Velocidad (CIV) en la categor\u00eda de Supersport 300 de la mano de Benelli y NT Grup.<\/h4>\n<p>&nbsp;<\/p>\n<h4>Como parte del acuerdo de patrocinio con el C.D.E. Covarrubias MotorSport, Adri\u00e1n lucir\u00e1 nuestro logotipo durante la temporada 2022 en el carenado de su moto n\u00famero 35.<\/h4>\n<p>&nbsp;<\/p>\n<p><img loading=\"lazy\" decoding=\"async\" class=\"aligncenter wp-image-5647\" src=\"https:\/\/www.antit.eu\/WEBANT\/wp-content\/uploads\/2022\/06\/WhatsApp-Image-2022-05-31-at-6.43.15-PM-3-1024x768-1.jpeg\" alt=\"\" width=\"799\" height=\"599\" srcset=\"https:\/\/www.antit.eu\/WEBANT\/wp-content\/uploads\/2022\/06\/WhatsApp-Image-2022-05-31-at-6.43.15-PM-3-1024x768-1.jpeg 1024w, https:\/\/www.antit.eu\/WEBANT\/wp-content\/uploads\/2022\/06\/WhatsApp-Image-2022-05-31-at-6.43.15-PM-3-1024x768-1-300x225.jpeg 300w, https:\/\/www.antit.eu\/WEBANT\/wp-content\/uploads\/2022\/06\/WhatsApp-Image-2022-05-31-at-6.43.15-PM-3-1024x768-1-768x576.jpeg 768w\" sizes=\"auto, (max-width: 799px) 100vw, 799px\" \/><\/p>\n<p>&nbsp;<\/p>\n<h4>Nos emociona especialmente ser parte de este proyecto del motor y que desde el Grupo ANT podamos contribuir a la pr\u00e1ctica del deporte y en particular la idea de apoyar al deporte de las dos ruedas desde la base como parte del crecimiento y desarrollo en los ni\u00f1os y j\u00f3venes.<\/h4>\n<h4>\u00a0<\/h4>\n<h4>Consideramos la pr\u00e1ctica del deporte una faceta muy importante dentro de la vida; nos ayuda a desarrollarnos como personas y el aprendizaje de valores tan importantes como el compa\u00f1erismo, el trabajo en equipo, la dedicaci\u00f3n y el sacrificio para la consecuci\u00f3n de nuestras metas. Estos mismos valores son fundamentales dentro de nuestra compa\u00f1\u00eda, y queremos colaborar con la sociedad a fomentarlos.<\/h4>\n<h4>\u00a0<\/h4>\n<h4>Alejandro Covarrubias, en nombre del Club, agradeci\u00f3 el esfuerzo y compromiso del Grupo ANT, recordando que los patrocinadores son parte fundamental para el crecimiento de los j\u00f3venes dentro de este deporte.<\/h4>\n<h4>Le deseamos muchos \u00e9xitos a Adri\u00e1n en sus nuevos desaf\u00edos de este a\u00f1o.<\/h4>\n<h4><img loading=\"lazy\" decoding=\"async\" class=\"aligncenter wp-image-5719 size-full\" src=\"https:\/\/www.antit.eu\/WEBANT\/wp-content\/uploads\/2022\/06\/JRZCV41011360.jpg\" alt=\"\" width=\"799\" height=\"532\" srcset=\"https:\/\/www.antit.eu\/WEBANT\/wp-content\/uploads\/2022\/06\/JRZCV41011360.jpg 799w, https:\/\/www.antit.eu\/WEBANT\/wp-content\/uploads\/2022\/06\/JRZCV41011360-300x200.jpg 300w, https:\/\/www.antit.eu\/WEBANT\/wp-content\/uploads\/2022\/06\/JRZCV41011360-768x511.jpg 768w\" sizes=\"auto, (max-width: 799px) 100vw, 799px\" \/><\/h4>\n<p>&nbsp;<\/p>\n<p>&nbsp;<\/p>\n<h4>Equipo de Contenidos @GrupoANT1988, S.L.<\/h4>\n<p><\/p>","protected":false},"excerpt":{"rendered":"<p>El pasado 31 de mayo nuestro CEO D. Francisco D\u00edaz Alonso, y D. Alejandro Covarrubias, presidente del C.D.E. Covarrubias MotorSport rubricaron el acuerdo de patrocinio entre ambas entidades &nbsp; Con el claro objetivo de fomentar el motociclismo de base en nuestro pa\u00eds y en particular el apoyo a Adri\u00e1n Covarrubias, joven promesa que en esta [&hellip;]<\/p>\n","protected":false},"author":1,"featured_media":5647,"comment_status":"open","ping_status":"open","sticky":false,"template":"","format":"standard","meta":{"footnotes":""},"categories":[2],"tags":[],"class_list":["post-5646","post","type-post","status-publish","format-standard","has-post-thumbnail","hentry","category-noticias"],"_links":{"self":[{"href":"https:\/\/www.antit.eu\/WEBANT\/es\/wp-json\/wp\/v2\/posts\/5646","targetHints":{"allow":["GET"]}}],"collection":[{"href":"https:\/\/www.antit.eu\/WEBANT\/es\/wp-json\/wp\/v2\/posts"}],"about":[{"href":"https:\/\/www.antit.eu\/WEBANT\/es\/wp-json\/wp\/v2\/types\/post"}],"author":[{"embeddable":true,"href":"https:\/\/www.antit.eu\/WEBANT\/es\/wp-json\/wp\/v2\/users\/1"}],"replies":[{"embeddable":true,"href":"https:\/\/www.antit.eu\/WEBANT\/es\/wp-json\/wp\/v2\/comments?post=5646"}],"version-history":[{"count":3,"href":"https:\/\/www.antit.eu\/WEBANT\/es\/wp-json\/wp\/v2\/posts\/5646\/revisions"}],"predecessor-version":[{"id":5721,"href":"https:\/\/www.antit.eu\/WEBANT\/es\/wp-json\/wp\/v2\/posts\/5646\/revisions\/5721"}],"wp:featuredmedia":[{"embeddable":true,"href":"https:\/\/www.antit.eu\/WEBANT\/es\/wp-json\/wp\/v2\/media\/5647"}],"wp:attachment":[{"href":"https:\/\/www.antit.eu\/WEBANT\/es\/wp-json\/wp\/v2\/media?parent=5646"}],"wp:term":[{"taxonomy":"category","embeddable":true,"href":"https:\/\/www.antit.eu\/WEBANT\/es\/wp-json\/wp\/v2\/categories?post=5646"},{"taxonomy":"post_tag","embeddable":true,"href":"https:\/\/www.antit.eu\/WEBANT\/es\/wp-json\/wp\/v2\/tags?post=5646"}],"curies":[{"name":"wp","href":"https:\/\/api.w.org\/{rel}","templated":true}]}}