{"id":5967,"date":"2022-10-26T15:30:57","date_gmt":"2022-10-26T15:30:57","guid":{"rendered":"https:\/\/www.antit.eu\/WEBANT\/?p=5967"},"modified":"2023-03-02T19:03:45","modified_gmt":"2023-03-02T19:03:45","slug":"cursos-sobre-las-novedades-que-introduce-la-septima-revision-del-manual-de-reformas-de-vehiculos","status":"publish","type":"post","link":"https:\/\/www.antit.eu\/WEBANT\/es\/cursos-sobre-las-novedades-que-introduce-la-septima-revision-del-manual-de-reformas-de-vehiculos\/","title":{"rendered":"Cursos sobre las Novedades que introduce la S\u00e9ptima Revisi\u00f3n del Manual de Reformas de Veh\u00edculos"},"content":{"rendered":"<p><\/p>\n<h3 style=\"text-align: justify;\"><span style=\"color: #2e75b6;\">El 20 de octubre cerramos nuestro calendario de cursos sobre las novedades que introduce la \u00faltima Versi\u00f3n del Manual de Reformas de Veh\u00edculos<\/span><\/h3>\n<p>&nbsp;<\/p>\n<h4 style=\"text-align: justify;\">Despu\u00e9s de m\u00e1s de dos a\u00f1os sin celebrar jornadas presenciales, el 27 de septiembre comenzamos nuestro recorrido en Valencia; nos reencontramos con personal de estaciones ITV de Valencia, Madrid, Albacete y parte del equipo del IVACE; D. Nadal Pons Font nos acompa\u00f1\u00f3 fomentando el debate y prest\u00e1ndonos su apoyo a lo largo de toda la jornada.<\/h4>\n<p>&nbsp;<\/p>\n<h4 style=\"text-align: justify;\">Continuamos el 29 de septiembre en Madrid, la apertura corri\u00f3 a cargo de D\u00f1a. B\u00e1rbara Tamayo \u00c1lvarez, jefa de \u00c1rea de Inspecci\u00f3n y Control Industrial de la Direcci\u00f3n General de Promoci\u00f3n Econ\u00f3mica e Industrial de la Consejer\u00eda de Econom\u00eda, Hacienda y Empleo de la Comunidad de Madrid, junto con D. Francisco D\u00edaz Alonso, CEO &#8211; director Financiero y de RRHH de ANT, S.L. y D. Luis Alc\u00e1zar R\u00f3denas, director general de ANT, S.L. Participaron t\u00e9cnicos de estaciones ITV de Madrid y Toledo, as\u00ed como D. Teodoro Llamazares, responsable de estaciones ITV de la Direcci\u00f3n General de Industria y Competitividad de la Consejer\u00eda de Econom\u00eda y Hacienda de la Junta de Castilla y Le\u00f3n.<\/h4>\n<p>&nbsp;<\/p>\n<h4 style=\"text-align: justify;\">Seguimos nuestro viaje hasta Logro\u00f1o, 17 de octubre; D. Enrique Campos Leza, responsable de Programa ITV de la Direcci\u00f3n General de innovaci\u00f3n, Trabajo, Industria y Comercio de la Consejer\u00eda de Desarrollo Econ\u00f3mico e Innovaci\u00f3n del Gobierno de la Rioja, abri\u00f3 la sesi\u00f3n. Contamos con personal de estaciones ITV de la Rioja, Navarra y Madrid y con D. Jes\u00fas Mar\u00eda L\u00f3pez Garc\u00eda, en representaci\u00f3n de la Delegaci\u00f3n Territorial de \u00c1lava.<\/h4>\n<p>&nbsp;<\/p>\n<h4 style=\"text-align: justify;\">Al d\u00eda siguiente nos reencontramos con Revisiones de Navarra y Rioja Revisiones, D. Miguel \u00c1ngel Alonso, D\u00f1a. M\u00f3nica Alonso y D\u00f1a. Ana Mayayo, como en otras muchas ocasiones, apostaron por la formaci\u00f3n y el crecimiento profesional de su equipo.<\/h4>\n<p>&nbsp;<\/p>\n<h4 style=\"text-align: justify;\">El 19 de octubre, en Zaragoza, D. Jorge Royo Mall\u00e9n, jefe de secci\u00f3n de estaciones ITV de la Direcci\u00f3n General de Industria, PYMES, Comercio y Artesan\u00eda del Departamento de Econom\u00eda, Industria y Empleo del Gobierno de Arag\u00f3n inici\u00f3 el curso, al que asistieron personal de estaciones ITV de Arag\u00f3n, Toledo y Madrid.<\/h4>\n<p>&nbsp;<\/p>\n<h4 style=\"text-align: justify;\">Cerramos el d\u00eda 20 de octubre en las instalaciones del Servicio T\u00e9cnico de Reformas y Homologaci\u00f3n Individual de veh\u00edculos completados, AEV. D. Julio Vicente Fillat, confi\u00f3 de nuevo en ANT para la realizaci\u00f3n de esta acci\u00f3n formativa dirigida a todos los integrantes de su equipo; D. Javier Fle Alierta, con su conocimiento t\u00e9cnico sobre estos temas, nos apoy\u00f3 a lo largo de toda la jornada.<\/h4>\n<p>&nbsp;<\/p>\n<h4 style=\"text-align: justify;\">M\u00e1s de un centenar de asistentes nos han acompa\u00f1ado a lo largo de las jornadas aportando de manera desinteresada su experiencia pr\u00e1ctica; su entusiasmo ha convertido estos cursos en un \u00e9xito.<\/h4>\n<p>&nbsp;<\/p>\n<h4>Desde ANT, S.L. apostamos por una formaci\u00f3n abierta y participativa.<\/h4>\n<p>&nbsp;<\/p>\n<h4>Nuestro m\u00e1s sincero agradecimiento a todos y cada uno de ellos, sin su participaci\u00f3n nada de esto hubiera sido posible.<\/h4>\n<p>&nbsp;<\/p>\n<h4>Si quieres ver el\u00a0 <a href=\"https:\/\/www.antit.eu\/WEBANT\/wp-content\/uploads\/2022\/10\/Programa-Manual-Reformas-7-Revision-2022.pdf\">Programa Manual Reformas 7 Revisi\u00f3n 2022<\/a><\/h4>\n<p>&nbsp;<\/p>\n<p><img loading=\"lazy\" decoding=\"async\" class=\"aligncenter wp-image-5969 size-large\" src=\"https:\/\/www.antit.eu\/WEBANT\/wp-content\/uploads\/2022\/10\/IMG_5531-1024x768.jpg\" alt=\"\" width=\"640\" height=\"480\" srcset=\"https:\/\/www.antit.eu\/WEBANT\/wp-content\/uploads\/2022\/10\/IMG_5531-1024x768.jpg 1024w, https:\/\/www.antit.eu\/WEBANT\/wp-content\/uploads\/2022\/10\/IMG_5531-300x225.jpg 300w, https:\/\/www.antit.eu\/WEBANT\/wp-content\/uploads\/2022\/10\/IMG_5531-768x576.jpg 768w, https:\/\/www.antit.eu\/WEBANT\/wp-content\/uploads\/2022\/10\/IMG_5531-1536x1152.jpg 1536w, https:\/\/www.antit.eu\/WEBANT\/wp-content\/uploads\/2022\/10\/IMG_5531-2048x1536.jpg 2048w\" sizes=\"auto, (max-width: 640px) 100vw, 640px\" \/>\u00a0 \u00a0 \u00a0<\/p>\n<h4>\u00a0<\/h4>\n<h4>Equipo de Contenidos @GrupoANT1988, S.L.<\/h4>\n<p>&nbsp;<\/p>\n<p><\/p>","protected":false},"excerpt":{"rendered":"<p>El 20 de octubre cerramos nuestro calendario de cursos sobre las novedades que introduce la \u00faltima Versi\u00f3n del Manual de Reformas de Veh\u00edculos &nbsp; Despu\u00e9s de m\u00e1s de dos a\u00f1os sin celebrar jornadas presenciales, el 27 de septiembre comenzamos nuestro recorrido en Valencia; nos reencontramos con personal de estaciones ITV de Valencia, Madrid, Albacete y [&hellip;]<\/p>\n","protected":false},"author":1,"featured_media":5991,"comment_status":"open","ping_status":"open","sticky":false,"template":"","format":"standard","meta":{"footnotes":""},"categories":[2],"tags":[],"class_list":["post-5967","post","type-post","status-publish","format-standard","has-post-thumbnail","hentry","category-noticias"],"_links":{"self":[{"href":"https:\/\/www.antit.eu\/WEBANT\/es\/wp-json\/wp\/v2\/posts\/5967","targetHints":{"allow":["GET"]}}],"collection":[{"href":"https:\/\/www.antit.eu\/WEBANT\/es\/wp-json\/wp\/v2\/posts"}],"about":[{"href":"https:\/\/www.antit.eu\/WEBANT\/es\/wp-json\/wp\/v2\/types\/post"}],"author":[{"embeddable":true,"href":"https:\/\/www.antit.eu\/WEBANT\/es\/wp-json\/wp\/v2\/users\/1"}],"replies":[{"embeddable":true,"href":"https:\/\/www.antit.eu\/WEBANT\/es\/wp-json\/wp\/v2\/comments?post=5967"}],"version-history":[{"count":30,"href":"https:\/\/www.antit.eu\/WEBANT\/es\/wp-json\/wp\/v2\/posts\/5967\/revisions"}],"predecessor-version":[{"id":6052,"href":"https:\/\/www.antit.eu\/WEBANT\/es\/wp-json\/wp\/v2\/posts\/5967\/revisions\/6052"}],"wp:featuredmedia":[{"embeddable":true,"href":"https:\/\/www.antit.eu\/WEBANT\/es\/wp-json\/wp\/v2\/media\/5991"}],"wp:attachment":[{"href":"https:\/\/www.antit.eu\/WEBANT\/es\/wp-json\/wp\/v2\/media?parent=5967"}],"wp:term":[{"taxonomy":"category","embeddable":true,"href":"https:\/\/www.antit.eu\/WEBANT\/es\/wp-json\/wp\/v2\/categories?post=5967"},{"taxonomy":"post_tag","embeddable":true,"href":"https:\/\/www.antit.eu\/WEBANT\/es\/wp-json\/wp\/v2\/tags?post=5967"}],"curies":[{"name":"wp","href":"https:\/\/api.w.org\/{rel}","templated":true}]}}