{"id":6178,"date":"2023-04-20T17:16:56","date_gmt":"2023-04-20T17:16:56","guid":{"rendered":"https:\/\/www.antit.eu\/WEBANT\/?p=6178"},"modified":"2023-04-20T18:02:06","modified_gmt":"2023-04-20T18:02:06","slug":"vuelta-rapida-en-motorland","status":"publish","type":"post","link":"https:\/\/www.antit.eu\/WEBANT\/es\/vuelta-rapida-en-motorland\/","title":{"rendered":"\u00a1Vuelta r\u00e1pida en MotorLand!"},"content":{"rendered":"<p><\/p>\n<h3><span style=\"color: #2e75b6;\">El pasado fin de semana en el circuito de MotorLand Arag\u00f3n en la segunda carrera del Campeonato de Espa\u00f1a de Superbike Adri\u00e1n Covarrubias se clasific\u00f3 en 8\u00aa posici\u00f3n en la carrera del s\u00e1bado y en 9\u00aa en la del domingo<\/span><\/h3>\n<p>&nbsp;<\/p>\n<h4>Dos muy interesantes puestos sobre todo en la carrera del domingo donde Adri\u00e1n estuvo toda la carrera en el grupo de cabeza y los primeros nueve clasificados acabaron en el mismo segundo.<\/h4>\n<h4>\u00a0<\/h4>\n<h4>Adri\u00e1n fue capaz de hacer la vuelta r\u00e1pida en la carrera del domingo, hito importante para nuestro piloto, considerando las dificultades que se est\u00e1 encontrando en este inicio de temporada.<\/h4>\n<p>&nbsp;<\/p>\n<p><img loading=\"lazy\" decoding=\"async\" class=\"aligncenter wp-image-6179 size-large\" src=\"https:\/\/www.antit.eu\/WEBANT\/wp-content\/uploads\/2023\/04\/PHOTO-2023-04-16-1024x682.jpg\" alt=\"\" width=\"640\" height=\"426\" srcset=\"https:\/\/www.antit.eu\/WEBANT\/wp-content\/uploads\/2023\/04\/PHOTO-2023-04-16-1024x682.jpg 1024w, https:\/\/www.antit.eu\/WEBANT\/wp-content\/uploads\/2023\/04\/PHOTO-2023-04-16-300x200.jpg 300w, https:\/\/www.antit.eu\/WEBANT\/wp-content\/uploads\/2023\/04\/PHOTO-2023-04-16-768x512.jpg 768w, https:\/\/www.antit.eu\/WEBANT\/wp-content\/uploads\/2023\/04\/PHOTO-2023-04-16-1536x1024.jpg 1536w, https:\/\/www.antit.eu\/WEBANT\/wp-content\/uploads\/2023\/04\/PHOTO-2023-04-16.jpg 2000w\" sizes=\"auto, (max-width: 640px) 100vw, 640px\" \/><\/p>\n<p>&nbsp;<\/p>\n<h4>\u00a0<\/h4>\n<h4>Si quieres seguir a Adri\u00e1n puedes ver las carreras del domingo en:<\/h4>\n<h4><a href=\"https:\/\/www.youtube.com\/watch?v=wkzK4G1ldjc\">https:\/\/www.youtube.com\/watch?v=wkzK4G1ldjc<\/a><\/h4>\n<h4>\u00a0<\/h4>\n<p><img loading=\"lazy\" decoding=\"async\" class=\"aligncenter wp-image-6180 size-large\" src=\"https:\/\/www.antit.eu\/WEBANT\/wp-content\/uploads\/2023\/04\/PHOTO-2023-04-16-22-50-40-2-1024x768.jpg\" alt=\"\" width=\"640\" height=\"480\" srcset=\"https:\/\/www.antit.eu\/WEBANT\/wp-content\/uploads\/2023\/04\/PHOTO-2023-04-16-22-50-40-2-1024x768.jpg 1024w, https:\/\/www.antit.eu\/WEBANT\/wp-content\/uploads\/2023\/04\/PHOTO-2023-04-16-22-50-40-2-300x225.jpg 300w, https:\/\/www.antit.eu\/WEBANT\/wp-content\/uploads\/2023\/04\/PHOTO-2023-04-16-22-50-40-2-768x576.jpg 768w, https:\/\/www.antit.eu\/WEBANT\/wp-content\/uploads\/2023\/04\/PHOTO-2023-04-16-22-50-40-2-1536x1152.jpg 1536w, https:\/\/www.antit.eu\/WEBANT\/wp-content\/uploads\/2023\/04\/PHOTO-2023-04-16-22-50-40-2.jpg 2048w\" sizes=\"auto, (max-width: 640px) 100vw, 640px\" \/><\/p>\n<p>&nbsp;<\/p>\n<h4>En el Grupo ANT 1988 consideramos la pr\u00e1ctica del deporte una faceta muy importante dentro de la vida; nos ayuda a desarrollarnos como personas y el aprendizaje de valores tan importantes como el compa\u00f1erismo, el trabajo en equipo, la dedicaci\u00f3n y el sacrificio para la consecuci\u00f3n de nuestras metas. Estos mismos valores son fundamentales dentro de nuestra compa\u00f1\u00eda, y queremos colaborar con la sociedad en fomentarlos.<\/h4>\n<p>&nbsp;<\/p>\n<h4>Equipo de Contenidos @GrupoANT1988, S.L.<\/h4>\n<p>&nbsp;<\/p>\n<p><\/p>","protected":false},"excerpt":{"rendered":"<p>El pasado fin de semana en el circuito de MotorLand Arag\u00f3n en la segunda carrera del Campeonato de Espa\u00f1a de Superbike Adri\u00e1n Covarrubias se clasific\u00f3 en 8\u00aa posici\u00f3n en la carrera del s\u00e1bado y en 9\u00aa en la del domingo &nbsp; Dos muy interesantes puestos sobre todo en la carrera del domingo donde Adri\u00e1n estuvo [&hellip;]<\/p>\n","protected":false},"author":1,"featured_media":6180,"comment_status":"open","ping_status":"open","sticky":false,"template":"","format":"standard","meta":{"footnotes":""},"categories":[2],"tags":[],"class_list":["post-6178","post","type-post","status-publish","format-standard","has-post-thumbnail","hentry","category-noticias"],"_links":{"self":[{"href":"https:\/\/www.antit.eu\/WEBANT\/es\/wp-json\/wp\/v2\/posts\/6178","targetHints":{"allow":["GET"]}}],"collection":[{"href":"https:\/\/www.antit.eu\/WEBANT\/es\/wp-json\/wp\/v2\/posts"}],"about":[{"href":"https:\/\/www.antit.eu\/WEBANT\/es\/wp-json\/wp\/v2\/types\/post"}],"author":[{"embeddable":true,"href":"https:\/\/www.antit.eu\/WEBANT\/es\/wp-json\/wp\/v2\/users\/1"}],"replies":[{"embeddable":true,"href":"https:\/\/www.antit.eu\/WEBANT\/es\/wp-json\/wp\/v2\/comments?post=6178"}],"version-history":[{"count":3,"href":"https:\/\/www.antit.eu\/WEBANT\/es\/wp-json\/wp\/v2\/posts\/6178\/revisions"}],"predecessor-version":[{"id":6184,"href":"https:\/\/www.antit.eu\/WEBANT\/es\/wp-json\/wp\/v2\/posts\/6178\/revisions\/6184"}],"wp:featuredmedia":[{"embeddable":true,"href":"https:\/\/www.antit.eu\/WEBANT\/es\/wp-json\/wp\/v2\/media\/6180"}],"wp:attachment":[{"href":"https:\/\/www.antit.eu\/WEBANT\/es\/wp-json\/wp\/v2\/media?parent=6178"}],"wp:term":[{"taxonomy":"category","embeddable":true,"href":"https:\/\/www.antit.eu\/WEBANT\/es\/wp-json\/wp\/v2\/categories?post=6178"},{"taxonomy":"post_tag","embeddable":true,"href":"https:\/\/www.antit.eu\/WEBANT\/es\/wp-json\/wp\/v2\/tags?post=6178"}],"curies":[{"name":"wp","href":"https:\/\/api.w.org\/{rel}","templated":true}]}}