{"id":6378,"date":"2024-01-12T11:30:59","date_gmt":"2024-01-12T11:30:59","guid":{"rendered":"https:\/\/www.antit.eu\/WEBANT\/?p=6378"},"modified":"2024-01-11T23:00:34","modified_gmt":"2024-01-11T23:00:34","slug":"datos-de-mercado-vehiculos-industriales-diciembre-2023","status":"publish","type":"post","link":"https:\/\/www.antit.eu\/WEBANT\/es\/datos-de-mercado-vehiculos-industriales-diciembre-2023\/","title":{"rendered":"Datos de mercado Veh\u00edculos Industriales \u2013 Diciembre 2023"},"content":{"rendered":"<p><\/p>\n<h3><span style=\"color: #2e75b6;\">2023 ha sido un a\u00f1o hist\u00f3rico en el mercado de veh\u00edculos industriales y autobuses con m\u00e1s de 32.000 matriculaciones, el mejor registro de los \u00faltimos 15 a\u00f1os. El crecimiento respecto de 2022 se ha situado por encima del +26%<\/span><\/h3>\n<p>&nbsp;<\/p>\n<p>&nbsp;<\/p>\n<p><img loading=\"lazy\" decoding=\"async\" class=\"aligncenter size-large wp-image-6379\" src=\"https:\/\/www.antit.eu\/WEBANT\/wp-content\/uploads\/2024\/01\/Flash-38-Vehiculos-industriales-2023-diciembre_Pagina_1-992x1024.jpg\" alt=\"\" width=\"640\" height=\"661\" srcset=\"https:\/\/www.antit.eu\/WEBANT\/wp-content\/uploads\/2024\/01\/Flash-38-Vehiculos-industriales-2023-diciembre_Pagina_1-992x1024.jpg 992w, https:\/\/www.antit.eu\/WEBANT\/wp-content\/uploads\/2024\/01\/Flash-38-Vehiculos-industriales-2023-diciembre_Pagina_1-291x300.jpg 291w, https:\/\/www.antit.eu\/WEBANT\/wp-content\/uploads\/2024\/01\/Flash-38-Vehiculos-industriales-2023-diciembre_Pagina_1-768x793.jpg 768w, https:\/\/www.antit.eu\/WEBANT\/wp-content\/uploads\/2024\/01\/Flash-38-Vehiculos-industriales-2023-diciembre_Pagina_1-1488x1536.jpg 1488w, https:\/\/www.antit.eu\/WEBANT\/wp-content\/uploads\/2024\/01\/Flash-38-Vehiculos-industriales-2023-diciembre_Pagina_1.jpg 1961w\" sizes=\"auto, (max-width: 640px) 100vw, 640px\" \/><\/p>\n<p>&nbsp;<\/p>\n<h4><strong>Iveco <\/strong>ha sido la marca dominante del mercado espa\u00f1ol durante todo el a\u00f1o con un 21,7% de cuota y lidera los tres segmentos de camiones (ligeros, medios y pesados), as\u00ed como el de furgones pesados.<\/h4>\n<h4>El modelo <strong>Iveco Daily<\/strong> es el m\u00e1s vendido de 2023 entre los camiones ligeros, con m\u00e1s de 1.000 unidades y un 54% de cuota del segmento, por encima del <strong>Fuso Canter<\/strong> (cuota 22%) y del <strong>Isuzu P75<\/strong> (10%).<\/h4>\n<h4><strong>Iveco Eurocargo<\/strong> es el cami\u00f3n medio con m\u00e1s matriculaciones, por encima de 600 veh\u00edculos y cuota 45%. Le sigue <strong>Renault Trucks Serie D<\/strong>, con cuota superior al 16%.<\/h4>\n<h4>En los camiones pesados,<strong> Renault Trucks Serie D <\/strong>es el modelo con mayor n\u00famero de matriculaciones, m\u00e1s de 800, mientras que <strong>Iveco S-Way<\/strong> se sit\u00faa en segundo lugar con 783 unidades.<\/h4>\n<h4>\u00a0<\/h4>\n<h4>El segmento de <strong>tractocamiones<\/strong> supone casi el 59% del mercado y ha terminado 2023 con cerca de 19.000 matriculaciones. <strong>Volvo Trucks<\/strong> es la marca l\u00edder del segmento, con una cuota del 20,5% y casi 3.900 veh\u00edculos matriculados, debido principalmente a su modelo <strong>Volvo Trucks FH<\/strong>, que representa m\u00e1s del 20% de este segmento. Otros 3 modelos de tractocamiones han superado las 2.000 matriculaciones este a\u00f1o: <strong>Iveco S-Way<\/strong> (casi 3.000), <strong>Man TGX<\/strong> (algo m\u00e1s de 2.100) y <strong>Mercedes-Benz Actros<\/strong> (poco m\u00e1s de 2.000).<\/h4>\n<h4>\u00a0<\/h4>\n<h4>El mercado de <strong>autobuses y autocares<\/strong> ha terminado el a\u00f1o por encima de 3.600 unidades, con dominio de <strong>Mercedes-Benz<\/strong> con un 24% de cuota y su modelo <strong>Intouro<\/strong> como el m\u00e1s destacado, \u00fanico que ha superado las 300 matriculaciones, seguido del <strong>Solaris Urbino<\/strong> en torno a 280.<\/h4>\n<h4>\u00a0<\/h4>\n<h4>En 2023 se han matriculado casi 800 veh\u00edculos industriales <strong>el\u00e9ctricos<\/strong>, la mayor\u00eda de ellos autobuses, siendo <strong>BYD Ebus<\/strong> y <strong>Man Lions City<\/strong> los modelos con m\u00e1s ventas.<\/h4>\n<h4>\u00a0<\/h4>\n<p><img loading=\"lazy\" decoding=\"async\" class=\"aligncenter size-large wp-image-6380\" src=\"https:\/\/www.antit.eu\/WEBANT\/wp-content\/uploads\/2024\/01\/Flash-38-Vehiculos-industriales-2023-diciembre_Pagina_3-992x1024.jpg\" alt=\"\" width=\"640\" height=\"661\" srcset=\"https:\/\/www.antit.eu\/WEBANT\/wp-content\/uploads\/2024\/01\/Flash-38-Vehiculos-industriales-2023-diciembre_Pagina_3-992x1024.jpg 992w, https:\/\/www.antit.eu\/WEBANT\/wp-content\/uploads\/2024\/01\/Flash-38-Vehiculos-industriales-2023-diciembre_Pagina_3-291x300.jpg 291w, https:\/\/www.antit.eu\/WEBANT\/wp-content\/uploads\/2024\/01\/Flash-38-Vehiculos-industriales-2023-diciembre_Pagina_3-768x793.jpg 768w, https:\/\/www.antit.eu\/WEBANT\/wp-content\/uploads\/2024\/01\/Flash-38-Vehiculos-industriales-2023-diciembre_Pagina_3-1488x1536.jpg 1488w, https:\/\/www.antit.eu\/WEBANT\/wp-content\/uploads\/2024\/01\/Flash-38-Vehiculos-industriales-2023-diciembre_Pagina_3.jpg 1961w\" sizes=\"auto, (max-width: 640px) 100vw, 640px\" \/><\/p>\n<h4>El 21% de los veh\u00edculos industriales en 2023 han sido matriculados para servicio de <strong>alquiler<\/strong>, un 24% m\u00e1s que el a\u00f1o pasado. De ellos, el 34% (m\u00e1s de 2.300 veh\u00edculos) pertenecen a empresas de <strong>renting<\/strong> con sede en Madrid, Barcelona y Zaragoza. El 79% han sido matriculados por otro tipo de <strong>empresas<\/strong> o por <strong>aut\u00f3nomos<\/strong>.<\/h4>\n<h4>\u00a0<\/h4>\n<h4>El mercado en 2023 ha crecido pr\u00e1cticamente en todas las Comunidades Aut\u00f3nomas respecto de 2022. Entre las que superan 1.000 veh\u00edculos matriculados (excluyendo empresas de renting y alquiler), destaca sobre todo el crecimiento en <strong>Arag\u00f3n <\/strong>(+41,2%), <strong>Madrid<\/strong> (+39,5%), <strong>Castilla y Le\u00f3n<\/strong> (+35,9%), <strong>Comunidad Valenciana<\/strong> (+34,2%), <strong>Murcia<\/strong> (+29,6%), <strong>Castilla La Mancha<\/strong> (+25,1%) y <strong>Galicia<\/strong> (+21,2%), mientras que ha registrado crecimientos m\u00e1s moderados en <strong>Andaluc\u00eda<\/strong> (+12,6%) y <strong>Catalu\u00f1a<\/strong> (+11,4%).<\/h4>\n<p>&nbsp;<\/p>\n<h4>Equipo de Contenidos @GrupoANT1988, S.L.<\/h4>\n<p><\/p>","protected":false},"excerpt":{"rendered":"<p>2023 ha sido un a\u00f1o hist\u00f3rico en el mercado de veh\u00edculos industriales y autobuses con m\u00e1s de 32.000 matriculaciones, el mejor registro de los \u00faltimos 15 a\u00f1os. El crecimiento respecto de 2022 se ha situado por encima del +26% &nbsp; &nbsp; &nbsp; Iveco ha sido la marca dominante del mercado espa\u00f1ol durante todo el a\u00f1o [&hellip;]<\/p>\n","protected":false},"author":1,"featured_media":6381,"comment_status":"open","ping_status":"open","sticky":false,"template":"","format":"standard","meta":{"footnotes":""},"categories":[45],"tags":[],"class_list":["post-6378","post","type-post","status-publish","format-standard","has-post-thumbnail","hentry","category-blog"],"_links":{"self":[{"href":"https:\/\/www.antit.eu\/WEBANT\/es\/wp-json\/wp\/v2\/posts\/6378","targetHints":{"allow":["GET"]}}],"collection":[{"href":"https:\/\/www.antit.eu\/WEBANT\/es\/wp-json\/wp\/v2\/posts"}],"about":[{"href":"https:\/\/www.antit.eu\/WEBANT\/es\/wp-json\/wp\/v2\/types\/post"}],"author":[{"embeddable":true,"href":"https:\/\/www.antit.eu\/WEBANT\/es\/wp-json\/wp\/v2\/users\/1"}],"replies":[{"embeddable":true,"href":"https:\/\/www.antit.eu\/WEBANT\/es\/wp-json\/wp\/v2\/comments?post=6378"}],"version-history":[{"count":1,"href":"https:\/\/www.antit.eu\/WEBANT\/es\/wp-json\/wp\/v2\/posts\/6378\/revisions"}],"predecessor-version":[{"id":6382,"href":"https:\/\/www.antit.eu\/WEBANT\/es\/wp-json\/wp\/v2\/posts\/6378\/revisions\/6382"}],"wp:featuredmedia":[{"embeddable":true,"href":"https:\/\/www.antit.eu\/WEBANT\/es\/wp-json\/wp\/v2\/media\/6381"}],"wp:attachment":[{"href":"https:\/\/www.antit.eu\/WEBANT\/es\/wp-json\/wp\/v2\/media?parent=6378"}],"wp:term":[{"taxonomy":"category","embeddable":true,"href":"https:\/\/www.antit.eu\/WEBANT\/es\/wp-json\/wp\/v2\/categories?post=6378"},{"taxonomy":"post_tag","embeddable":true,"href":"https:\/\/www.antit.eu\/WEBANT\/es\/wp-json\/wp\/v2\/tags?post=6378"}],"curies":[{"name":"wp","href":"https:\/\/api.w.org\/{rel}","templated":true}]}}